{"id":739,"date":"2025-12-18T17:48:13","date_gmt":"2025-12-18T16:48:13","guid":{"rendered":"https:\/\/simonelorenzettodesigner.netsons.org\/?p=739"},"modified":"2025-12-18T17:48:13","modified_gmt":"2025-12-18T16:48:13","slug":"social-media-management","status":"publish","type":"post","link":"https:\/\/lorenzettomediadesign.it\/?p=739","title":{"rendered":"Social media management"},"content":{"rendered":"\n<h2 class=\"wp-block-heading\">Perch\u00e9 il social media management \u00e8 cos\u00ec importante per le aziende?<\/h2>\n\n\n\n<p class=\"wp-block-paragraph\">Oggi i social media sono uno dei primi luoghi in cui le persone entrano in contatto con un brand. Prima ancora di visitare un sito web, spesso guardano Instagram, Facebook o LinkedIn per capire chi sei, cosa fai e come comunichi.<br>Per questo motivo,\u00a0<strong>la gestione dei social non pu\u00f2 essere lasciata al caso<\/strong>.<\/p>\n\n\n\n<h3 class=\"wp-block-heading\">Costanza e strategia fanno la differenza<\/h3>\n\n\n\n<p class=\"wp-block-paragraph\">Pubblicare ogni tanto non basta. I social funzionano quando c\u2019\u00e8:<\/p>\n\n\n\n<ul class=\"wp-block-list\">\n<li>una strategia chiara<\/li>\n\n\n\n<li>contenuti coerenti<\/li>\n\n\n\n<li>una presenza costante nel tempo<\/li>\n<\/ul>\n\n\n\n<p class=\"wp-block-paragraph\">Il social media management serve proprio a questo:&nbsp;<strong>trasformare i social in uno strumento di comunicazione efficace<\/strong>, non in un impegno improvvisato.<\/p>\n\n\n\n<h3 class=\"wp-block-heading\">Pi\u00f9 tempo per il tuo business<\/h3>\n\n\n\n<p class=\"wp-block-paragraph\">Gestire i social richiede tempo, competenze e attenzione. Delegare questa attivit\u00e0 significa potersi concentrare sul proprio lavoro, sapendo che la comunicazione online \u00e8 seguita in modo professionale e allineato agli obiettivi aziendali.<\/p>\n\n\n\n<h3 class=\"wp-block-heading\">Un supporto professionale su misura<\/h3>\n\n\n\n<p class=\"wp-block-paragraph\">Offro un servizio di social media management pensato per le aziende che vogliono comunicare meglio, in modo semplice ma strategico. Mi occupo della gestione dei canali social per aiutarti a costruire una presenza online coerente, efficace e in linea con la tua identit\u00e0.<\/p>\n\n\n\n<p class=\"wp-block-paragraph\">Se vuoi che i tuoi social lavorino davvero per la tua azienda, una gestione professionale \u00e8 il primo passo.<\/p>\n\n\n\n<p class=\"wp-block-paragraph\"><\/p>\n","protected":false},"excerpt":{"rendered":"<p>Perch\u00e9 il social media management \u00e8 cos\u00ec importante per le aziende? Oggi i social media sono uno dei primi luoghi in cui le persone entrano in contatto con un brand. Prima ancora di visitare un sito web, spesso guardano Instagram, Facebook o LinkedIn per capire chi sei, cosa fai e come comunichi.Per questo motivo,\u00a0la gestione &hellip; <\/p>\n<p class=\"link-more\"><a href=\"https:\/\/lorenzettomediadesign.it\/?p=739\" class=\"more-link\">Leggi tutto<span class=\"screen-reader-text\"> &#8220;Social media management&#8221;<\/span><\/a><\/p>\n","protected":false},"author":1,"featured_media":0,"comment_status":"closed","ping_status":"closed","sticky":false,"template":"","format":"chat","meta":{"footnotes":""},"categories":[6],"tags":[51],"class_list":["post-739","post","type-post","status-publish","format-chat","hentry","category-social-management","tag-social-management","post_format-post-format-chat"],"_links":{"self":[{"href":"https:\/\/lorenzettomediadesign.it\/index.php?rest_route=\/wp\/v2\/posts\/739","targetHints":{"allow":["GET"]}}],"collection":[{"href":"https:\/\/lorenzettomediadesign.it\/index.php?rest_route=\/wp\/v2\/posts"}],"about":[{"href":"https:\/\/lorenzettomediadesign.it\/index.php?rest_route=\/wp\/v2\/types\/post"}],"author":[{"embeddable":true,"href":"https:\/\/lorenzettomediadesign.it\/index.php?rest_route=\/wp\/v2\/users\/1"}],"replies":[{"embeddable":true,"href":"https:\/\/lorenzettomediadesign.it\/index.php?rest_route=%2Fwp%2Fv2%2Fcomments&post=739"}],"version-history":[{"count":0,"href":"https:\/\/lorenzettomediadesign.it\/index.php?rest_route=\/wp\/v2\/posts\/739\/revisions"}],"wp:attachment":[{"href":"https:\/\/lorenzettomediadesign.it\/index.php?rest_route=%2Fwp%2Fv2%2Fmedia&parent=739"}],"wp:term":[{"taxonomy":"category","embeddable":true,"href":"https:\/\/lorenzettomediadesign.it\/index.php?rest_route=%2Fwp%2Fv2%2Fcategories&post=739"},{"taxonomy":"post_tag","embeddable":true,"href":"https:\/\/lorenzettomediadesign.it\/index.php?rest_route=%2Fwp%2Fv2%2Ftags&post=739"}],"curies":[{"name":"wp","href":"https:\/\/api.w.org\/{rel}","templated":true}]}}